{"id":7,"name":"Serhii Yaitskyi","url":"","description":"<b>Relacje biznesowe B2B <\/b> \u2013 aktywnie rozwija i utrzymuje d\u0142ugofalowe relacje z kluczowymi partnerami handlowymi, wspieraj\u0105c strategiczn\u0105 wsp\u00f3\u0142prac\u0119. \r\n<b>Zarz\u0105dzanie sprzeda\u017c\u0105 <\/b> \u2013 odpowiada za kompleksow\u0105 obs\u0142ug\u0119 proces\u00f3w sprzeda\u017cowych, analiz\u0119 rynku oraz przygotowywanie ofert dostosowanych do potrzeb klient\u00f3w.\r\n<b>Doradztwo techniczne HVAC<\/b> \u2013 zapewnia specjalistyczne wsparcie w zakresie doboru, konfiguracji i eksploatacji urz\u0105dze\u0144 HVAC, dostosowanych do konkretnych projekt\u00f3w.\r\n  \r\n<b>Koordynacja projekt\u00f3w <\/b> \u2013 nadzoruje realizacj\u0119 inwestycji, wsp\u00f3\u0142pracuj\u0105c z zespo\u0142ami technicznymi i kontroluj\u0105c dzia\u0142ania podwykonawc\u00f3w, by zapewni\u0107 terminowo\u015b\u0107 i jako\u015b\u0107 wykonania.  \r\n<b>Serwis i monta\u017c <\/b> \u2013 organizuje i nadzoruje prace instalacyjne oraz serwisowe, dbaj\u0105c o sprawne wdro\u017cenie system\u00f3w.\r\n<b>Sprzeda\u017c i doradztwo produktowe <\/b>\u2013 wsp\u00f3\u0142pracuje z instalatorami, projektantami oraz deweloperami, oferuj\u0105c rozwi\u0105zania w zakresie wentylacji, rekuperacji i ch\u0142odnictwa.\r\n<b>Tworzenie ofert i wycen <\/b> \u2013 przygotowuje konkurencyjne propozycje handlowe, opieraj\u0105c si\u0119 na szczeg\u00f3\u0142owej analizie koszt\u00f3w i oczekiwa\u0144 klienta.","link":"https:\/\/iklimat.pl\/en\/author\/serhii\/","slug":"serhii","avatar_urls":{"24":"https:\/\/secure.gravatar.com\/avatar\/12121956ec4fa6f94e3edf5649e44e3bc9b52c460b0c9618d95b498f51541d64?s=24&d=mm&r=g","48":"https:\/\/secure.gravatar.com\/avatar\/12121956ec4fa6f94e3edf5649e44e3bc9b52c460b0c9618d95b498f51541d64?s=48&d=mm&r=g","96":"https:\/\/secure.gravatar.com\/avatar\/12121956ec4fa6f94e3edf5649e44e3bc9b52c460b0c9618d95b498f51541d64?s=96&d=mm&r=g"},"meta":[],"acf":[],"elementor_introduction":"","_links":{"self":[{"href":"https:\/\/iklimat.pl\/en\/wp-json\/wp\/v2\/users\/7","targetHints":{"allow":["GET"]}}],"collection":[{"href":"https:\/\/iklimat.pl\/en\/wp-json\/wp\/v2\/users"}]}}